{"id":2474,"global_id":"jazztremblant.com\/en\/?id=2474","global_id_lineage":["jazztremblant.com\/en\/?id=2474"],"author":"2","status":"publish","date":"2025-06-10 08:30:16","date_utc":"2025-06-10 12:30:16","modified":"2025-06-09 09:17:07","modified_utc":"2025-06-09 13:17:07","url":"https:\/\/jazztremblant.com\/en\/event\/lou-boustani-manouche-trio-2\/","rest_url":"https:\/\/jazztremblant.com\/en\/wp-json\/tribe\/events\/v1\/events\/2474","title":"LOU BOUSTANI MANOUCHE TRIO","description":"<p><strong>Lou Boustani : guitar<\/strong><\/p>\n<p><strong>Bernard \u00c9paud : guitar<\/strong><\/p>\n<p><strong>Jean-S\u00e9bastien Cl\u00e9ment : double bass<\/strong><\/p>","excerpt":"","slug":"lou-boustani-manouche-trio-2","image":{"url":"https:\/\/jazztremblant.com\/wp-content\/uploads\/2025\/06\/Lou-Boustani-Manouche-Trio_vendredi-1er-aout-15h-e1749473944462.jpeg","id":2358,"extension":"jpeg","width":1230,"height":693,"filesize":144493,"sizes":{"medium":{"width":300,"height":169,"mime-type":"image\/jpeg","filesize":14094,"url":"https:\/\/jazztremblant.com\/wp-content\/uploads\/2025\/06\/Lou-Boustani-Manouche-Trio_vendredi-1er-aout-15h-e1749473944462-300x169.jpeg"},"large":{"width":1024,"height":577,"mime-type":"image\/jpeg","filesize":92145,"url":"https:\/\/jazztremblant.com\/wp-content\/uploads\/2025\/06\/Lou-Boustani-Manouche-Trio_vendredi-1er-aout-15h-e1749473944462-1024x577.jpeg"},"thumbnail":{"width":150,"height":150,"mime-type":"image\/jpeg","filesize":8223,"url":"https:\/\/jazztremblant.com\/wp-content\/uploads\/2025\/06\/Lou-Boustani-Manouche-Trio_vendredi-1er-aout-15h-e1749473944462-150x150.jpeg"},"medium_large":{"width":768,"height":433,"mime-type":"image\/jpeg","filesize":56574,"url":"https:\/\/jazztremblant.com\/wp-content\/uploads\/2025\/06\/Lou-Boustani-Manouche-Trio_vendredi-1er-aout-15h-e1749473944462-768x433.jpeg"},"gform-image-choice-sm":{"width":300,"height":300,"mime-type":"image\/jpeg","filesize":20661,"url":"https:\/\/jazztremblant.com\/wp-content\/uploads\/2025\/06\/Lou-Boustani-Manouche-Trio_vendredi-1er-aout-15h-e1749473944462-300x300.jpeg"},"gform-image-choice-md":{"width":400,"height":400,"mime-type":"image\/jpeg","filesize":31169,"url":"https:\/\/jazztremblant.com\/wp-content\/uploads\/2025\/06\/Lou-Boustani-Manouche-Trio_vendredi-1er-aout-15h-e1749473944462-400x400.jpeg"},"gform-image-choice-lg":{"width":600,"height":600,"mime-type":"image\/jpeg","filesize":60607,"url":"https:\/\/jazztremblant.com\/wp-content\/uploads\/2025\/06\/Lou-Boustani-Manouche-Trio_vendredi-1er-aout-15h-e1749473944462-600x600.jpeg"}}},"all_day":false,"start_date":"2025-08-01 15:00:00","start_date_details":{"year":"2025","month":"08","day":"01","hour":"15","minutes":"00","seconds":"00"},"end_date":"2025-08-01 16:30:00","end_date_details":{"year":"2025","month":"08","day":"01","hour":"16","minutes":"30","seconds":"00"},"utc_start_date":"2025-08-01 19:00:00","utc_start_date_details":{"year":"2025","month":"08","day":"01","hour":"19","minutes":"00","seconds":"00"},"utc_end_date":"2025-08-01 20:30:00","utc_end_date_details":{"year":"2025","month":"08","day":"01","hour":"20","minutes":"30","seconds":"00"},"timezone":"America\/Toronto","timezone_abbr":"EDT","cost":"","cost_details":{"currency_symbol":"$","currency_code":"CAD","currency_position":"prefix","values":[]},"website":"https:\/\/www.google.com\/maps\/@46.1196111,-74.6008497,15.54z?entry=ttu&amp;g_ep=EgoyMDI1MDYwNC4wIKXMDSoASAFQAw%3D%3D","show_map":true,"show_map_link":true,"hide_from_listings":false,"sticky":false,"featured":false,"categories":[{"name":"Jazz Lounge Series","slug":"jazz-lounge-series","term_group":0,"term_taxonomy_id":31,"taxonomy":"tribe_events_cat","description":"","parent":0,"count":6,"filter":"raw","id":31,"urls":{"self":"https:\/\/jazztremblant.com\/en\/wp-json\/tribe\/events\/v1\/categories\/31","collection":"https:\/\/jazztremblant.com\/en\/wp-json\/tribe\/events\/v1\/categories"}}],"tags":[],"venue":{"id":502,"author":"2","status":"publish","date":"2023-05-08 16:58:12","date_utc":"2023-05-08 20:58:12","modified":"2024-06-10 21:57:00","modified_utc":"2024-06-11 01:57:00","url":"https:\/\/jazztremblant.com\/en\/venue\/jazz-lounge-stage\/","venue":"Jazz Lounge Stage","slug":"jazz-lounge-stage","address":"885 Rue de St-Jovite","city":"Mont-Tremblant","country":"Canada","province":"Qu\u00e9bec","zip":"J8E 3J8","stateprovince":"Qu\u00e9bec","json_ld":{"@type":"Place","name":"Jazz Lounge Stage","description":"","url":"https:\/\/jazztremblant.com\/en\/venue\/jazz-lounge-stage\/","address":{"@type":"PostalAddress","streetAddress":"885 Rue de St-Jovite","addressLocality":"Mont-Tremblant","addressRegion":"Qu\u00e9bec","postalCode":"J8E 3J8","addressCountry":"Canada"},"telephone":"","sameAs":""},"show_map":true,"show_map_link":true,"global_id":"jazztremblant.com\/en\/?id=502","global_id_lineage":["jazztremblant.com\/en\/?id=502"]},"organizer":[],"custom_fields":[],"json_ld":{"@context":"http:\/\/schema.org","@type":"Event","name":"LOU BOUSTANI MANOUCHE TRIO","description":"&lt;p&gt;Lou Boustani : guitar Bernard \u00c9paud : guitar Jean-S\u00e9bastien Cl\u00e9ment : double bass&lt;\/p&gt;\\n","image":"https:\/\/jazztremblant.com\/wp-content\/uploads\/2025\/06\/Lou-Boustani-Manouche-Trio_vendredi-1er-aout-15h-e1749473944462.jpeg","url":"https:\/\/jazztremblant.com\/en\/event\/lou-boustani-manouche-trio-2\/","eventAttendanceMode":"https:\/\/schema.org\/OfflineEventAttendanceMode","eventStatus":"https:\/\/schema.org\/EventScheduled","startDate":"2025-08-01T15:00:00-04:00","endDate":"2025-08-01T16:30:00-04:00","location":{"@type":"Place","name":"Jazz Lounge Stage","description":"","url":"https:\/\/jazztremblant.com\/en\/venue\/jazz-lounge-stage\/","address":{"@type":"PostalAddress","streetAddress":"885 Rue de St-Jovite","addressLocality":"Mont-Tremblant","addressRegion":"Qu\u00e9bec","postalCode":"J8E 3J8","addressCountry":"Canada"},"telephone":"","sameAs":""},"performer":"Organization"},"is_virtual":false,"virtual_url":null,"virtual_video_source":""}